{"id":918,"date":"2022-09-05T11:08:52","date_gmt":"2022-09-05T11:08:52","guid":{"rendered":"https:\/\/orglekoper.si\/?p=918"},"modified":"2022-09-05T11:09:43","modified_gmt":"2022-09-05T11:09:43","slug":"poletni-koncerti","status":"publish","type":"post","link":"https:\/\/orglekoper.si\/index.php\/2022\/09\/05\/poletni-koncerti\/","title":{"rendered":"Poletni koncerti"},"content":{"rendered":"\n<p class=\"has-text-align-center\"><strong>\u017dupnija koper<\/strong> je<strong> <\/strong>organiste, profesorje, dijake in \u0161tudente orgel povabila na sodelovanje pri orgelskemu poletje v Kopru, ki je potekalo&nbsp;<strong>med 1. 7. 2022 in 16. 8. 2022<\/strong>.<\/p>\n\n\n\n<p class=\"has-text-align-center\">Orgle koprske stolnice so bile&nbsp;<strong>na voljo vsak dan med 9:30 in 12:30&nbsp;<\/strong>ter po dogovoru. Udele\u017eenci so vsak dan&nbsp;<strong>ob 12h izvedli kraj\u0161i recital<\/strong>.<\/p>\n\n\n\n<p class=\"has-text-align-center\">Sodelujo\u010di:<\/p>\n\n\n\n<p class=\"has-text-align-center\">4.7.-7.7.2022 \u2013&nbsp;<strong>Medard \u0160vigelj<\/strong><br>8.7.2022 \u2013&nbsp;<strong>Ne\u017ea Ulaga in Lukas Hasler<\/strong><br>9.7.2022 \u2013<strong>&nbsp;Gregor Klan\u010di\u010d<\/strong><br>11.7.2022 \u2013&nbsp;<strong>Medard \u0160vigelj<\/strong><br>12.7.2022 \u2013&nbsp;<strong>Primo\u017e Kre\u010di\u010d<\/strong><br>14.7.2022 \u2013&nbsp;<strong>Matic Podobnik<\/strong><br>15.7.2022 \u2013&nbsp;<strong>Primo\u017e Kre\u010di\u010d<\/strong><br>18.7.2022 \u2013&nbsp;<strong>Kim Fabbri<\/strong><br>19.7.2022 \u2013&nbsp;<strong>Gabriele Martin<\/strong><br>20.7.2022 \u2013&nbsp;<strong>Kim Fabbri<\/strong>,&nbsp;<strong>Gabriele Martin<\/strong>,&nbsp;<strong>Wladimir Mate\u0161i\u010d<\/strong><br>21.7.2022 \u2013&nbsp;<strong>Marija Sne\u017eka Podpe\u010dan<\/strong><br>25.7.2022 \u2013&nbsp;<strong>Fedor Stroganov<\/strong><br>26.7. 2022 \u2013&nbsp;<strong>Uro\u0161 Pele<\/strong><\/p>\n\n\n\n<p class=\"has-text-align-center\">***<br><br>1.8. in 2.8.2022 \u2013&nbsp;<strong>Mirko Butkovi\u010d<\/strong><br>3.8. \u2013 5.8.2022 \u2013&nbsp;<strong>Uro\u0161 Kova\u010di\u010d<\/strong><br>8.8.2022 \u2013&nbsp;<strong>Ulrich in Barbara Theissen Pibernik<\/strong><br>9.8. \u2013 10.8.2022 \u2013&nbsp;<strong>Miha Zavrl in Klara Urankar (mentor Veronika \u0160arec)<\/strong><br>11.8.2022 \u2013&nbsp;<strong>Marija Sne\u017eka Podpe\u010dan<\/strong><br>12. in 13.8.2022 \u2013&nbsp;<strong>Luka Posavec<\/strong><br>16.8.2022 \u2013&nbsp;<strong>Uro\u0161 Pele<\/strong><\/p>\n","protected":false},"excerpt":{"rendered":"<p>\u017dupnija koper je organiste, profesorje, dijake in \u0161tudente orgel povabila na sodelovanje pri orgelskemu poletje v Kopru, ki je potekalo&nbsp;med 1. 7. 2022 in 16. 8. 2022. Orgle koprske stolnice so bile&nbsp;na voljo vsak dan med 9:30 in 12:30&nbsp;ter po dogovoru. Udele\u017eenci so vsak dan&nbsp;ob 12h izvedli kraj\u0161i recital. Sodelujo\u010di: 4.7.-7.7.2022 \u2013&nbsp;Medard \u0160vigelj8.7.2022 \u2013&nbsp;Ne\u017ea Ulaga &#8230; <a title=\"Poletni koncerti\" class=\"read-more\" href=\"https:\/\/orglekoper.si\/index.php\/2022\/09\/05\/poletni-koncerti\/\" aria-label=\"More on Poletni koncerti\">Read more<\/a><\/p>\n","protected":false},"author":2,"featured_media":0,"comment_status":"open","ping_status":"open","sticky":false,"template":"","format":"standard","meta":{"_mi_skip_tracking":false},"categories":[41],"tags":[],"table_tags":[],"yoast_head":"<!-- This site is optimized with the Yoast SEO plugin v19.6.1 - https:\/\/yoast.com\/wordpress\/plugins\/seo\/ -->\n<title>Poletni koncerti - Orgle koprske stolnice<\/title>\n<meta name=\"robots\" content=\"index, follow, max-snippet:-1, max-image-preview:large, max-video-preview:-1\" \/>\n<link rel=\"canonical\" href=\"https:\/\/orglekoper.si\/index.php\/2022\/09\/05\/poletni-koncerti\/\" \/>\n<meta property=\"og:locale\" content=\"sl_SI\" \/>\n<meta property=\"og:type\" content=\"article\" \/>\n<meta property=\"og:title\" content=\"Poletni koncerti - Orgle koprske stolnice\" \/>\n<meta property=\"og:description\" content=\"\u017dupnija koper je organiste, profesorje, dijake in \u0161tudente orgel povabila na sodelovanje pri orgelskemu poletje v Kopru, ki je potekalo&nbsp;med 1. 7. 2022 in 16. 8. 2022. Orgle koprske stolnice so bile&nbsp;na voljo vsak dan med 9:30 in 12:30&nbsp;ter po dogovoru. Udele\u017eenci so vsak dan&nbsp;ob 12h izvedli kraj\u0161i recital. Sodelujo\u010di: 4.7.-7.7.2022 \u2013&nbsp;Medard \u0160vigelj8.7.2022 \u2013&nbsp;Ne\u017ea Ulaga ... Read more\" \/>\n<meta property=\"og:url\" content=\"https:\/\/orglekoper.si\/index.php\/2022\/09\/05\/poletni-koncerti\/\" \/>\n<meta property=\"og:site_name\" content=\"Orgle koprske stolnice\" \/>\n<meta property=\"article:published_time\" content=\"2022-09-05T11:08:52+00:00\" \/>\n<meta property=\"article:modified_time\" content=\"2022-09-05T11:09:43+00:00\" \/>\n<meta name=\"author\" content=\"Klemen Omahen\" \/>\n<meta name=\"twitter:card\" content=\"summary_large_image\" \/>\n<meta name=\"twitter:label1\" content=\"Written by\" \/>\n\t<meta name=\"twitter:data1\" content=\"Klemen Omahen\" \/>\n\t<meta name=\"twitter:label2\" content=\"Est. reading time\" \/>\n\t<meta name=\"twitter:data2\" content=\"1 minuta\" \/>\n<script type=\"application\/ld+json\" class=\"yoast-schema-graph\">{\"@context\":\"https:\/\/schema.org\",\"@graph\":[{\"@type\":\"Article\",\"@id\":\"https:\/\/orglekoper.si\/index.php\/2022\/09\/05\/poletni-koncerti\/#article\",\"isPartOf\":{\"@id\":\"https:\/\/orglekoper.si\/index.php\/2022\/09\/05\/poletni-koncerti\/\"},\"author\":{\"name\":\"Klemen Omahen\",\"@id\":\"https:\/\/orglekoper.si\/#\/schema\/person\/b773a21c24c8d81fa461c41df2e92d1a\"},\"headline\":\"Poletni koncerti\",\"datePublished\":\"2022-09-05T11:08:52+00:00\",\"dateModified\":\"2022-09-05T11:09:43+00:00\",\"mainEntityOfPage\":{\"@id\":\"https:\/\/orglekoper.si\/index.php\/2022\/09\/05\/poletni-koncerti\/\"},\"wordCount\":148,\"commentCount\":0,\"publisher\":{\"@id\":\"https:\/\/orglekoper.si\/#organization\"},\"articleSection\":[\"Uncategorized\"],\"inLanguage\":\"sl-SI\",\"potentialAction\":[{\"@type\":\"CommentAction\",\"name\":\"Comment\",\"target\":[\"https:\/\/orglekoper.si\/index.php\/2022\/09\/05\/poletni-koncerti\/#respond\"]}]},{\"@type\":\"WebPage\",\"@id\":\"https:\/\/orglekoper.si\/index.php\/2022\/09\/05\/poletni-koncerti\/\",\"url\":\"https:\/\/orglekoper.si\/index.php\/2022\/09\/05\/poletni-koncerti\/\",\"name\":\"Poletni koncerti - Orgle koprske stolnice\",\"isPartOf\":{\"@id\":\"https:\/\/orglekoper.si\/#website\"},\"datePublished\":\"2022-09-05T11:08:52+00:00\",\"dateModified\":\"2022-09-05T11:09:43+00:00\",\"breadcrumb\":{\"@id\":\"https:\/\/orglekoper.si\/index.php\/2022\/09\/05\/poletni-koncerti\/#breadcrumb\"},\"inLanguage\":\"sl-SI\",\"potentialAction\":[{\"@type\":\"ReadAction\",\"target\":[\"https:\/\/orglekoper.si\/index.php\/2022\/09\/05\/poletni-koncerti\/\"]}]},{\"@type\":\"BreadcrumbList\",\"@id\":\"https:\/\/orglekoper.si\/index.php\/2022\/09\/05\/poletni-koncerti\/#breadcrumb\",\"itemListElement\":[{\"@type\":\"ListItem\",\"position\":1,\"name\":\"Home\",\"item\":\"https:\/\/orglekoper.si\/\"},{\"@type\":\"ListItem\",\"position\":2,\"name\":\"Poletni koncerti\"}]},{\"@type\":\"WebSite\",\"@id\":\"https:\/\/orglekoper.si\/#website\",\"url\":\"https:\/\/orglekoper.si\/\",\"name\":\"Orgle koprske stolnice\",\"description\":\"\",\"publisher\":{\"@id\":\"https:\/\/orglekoper.si\/#organization\"},\"potentialAction\":[{\"@type\":\"SearchAction\",\"target\":{\"@type\":\"EntryPoint\",\"urlTemplate\":\"https:\/\/orglekoper.si\/?s={search_term_string}\"},\"query-input\":\"required name=search_term_string\"}],\"inLanguage\":\"sl-SI\"},{\"@type\":\"Organization\",\"@id\":\"https:\/\/orglekoper.si\/#organization\",\"name\":\"Orgle koper\",\"url\":\"https:\/\/orglekoper.si\/\",\"sameAs\":[],\"logo\":{\"@type\":\"ImageObject\",\"inLanguage\":\"sl-SI\",\"@id\":\"https:\/\/orglekoper.si\/#\/schema\/logo\/image\/\",\"url\":\"https:\/\/orglekoper.si\/wp-content\/uploads\/2020\/03\/cropped-Screenshot_3-1.png\",\"contentUrl\":\"https:\/\/orglekoper.si\/wp-content\/uploads\/2020\/03\/cropped-Screenshot_3-1.png\",\"width\":377,\"height\":286,\"caption\":\"Orgle koper\"},\"image\":{\"@id\":\"https:\/\/orglekoper.si\/#\/schema\/logo\/image\/\"}},{\"@type\":\"Person\",\"@id\":\"https:\/\/orglekoper.si\/#\/schema\/person\/b773a21c24c8d81fa461c41df2e92d1a\",\"name\":\"Klemen Omahen\",\"image\":{\"@type\":\"ImageObject\",\"inLanguage\":\"sl-SI\",\"@id\":\"https:\/\/orglekoper.si\/#\/schema\/person\/image\/\",\"url\":\"https:\/\/secure.gravatar.com\/avatar\/7e19ada76b02becc855c1030fec8faaa?s=96&d=mm&r=g\",\"contentUrl\":\"https:\/\/secure.gravatar.com\/avatar\/7e19ada76b02becc855c1030fec8faaa?s=96&d=mm&r=g\",\"caption\":\"Klemen Omahen\"},\"url\":\"https:\/\/orglekoper.si\/index.php\/author\/klemenom\/\"}]}<\/script>\n<!-- \/ Yoast SEO plugin. -->","yoast_head_json":{"title":"Poletni koncerti - Orgle koprske stolnice","robots":{"index":"index","follow":"follow","max-snippet":"max-snippet:-1","max-image-preview":"max-image-preview:large","max-video-preview":"max-video-preview:-1"},"canonical":"https:\/\/orglekoper.si\/index.php\/2022\/09\/05\/poletni-koncerti\/","og_locale":"sl_SI","og_type":"article","og_title":"Poletni koncerti - Orgle koprske stolnice","og_description":"\u017dupnija koper je organiste, profesorje, dijake in \u0161tudente orgel povabila na sodelovanje pri orgelskemu poletje v Kopru, ki je potekalo&nbsp;med 1. 7. 2022 in 16. 8. 2022. Orgle koprske stolnice so bile&nbsp;na voljo vsak dan med 9:30 in 12:30&nbsp;ter po dogovoru. Udele\u017eenci so vsak dan&nbsp;ob 12h izvedli kraj\u0161i recital. Sodelujo\u010di: 4.7.-7.7.2022 \u2013&nbsp;Medard \u0160vigelj8.7.2022 \u2013&nbsp;Ne\u017ea Ulaga ... Read more","og_url":"https:\/\/orglekoper.si\/index.php\/2022\/09\/05\/poletni-koncerti\/","og_site_name":"Orgle koprske stolnice","article_published_time":"2022-09-05T11:08:52+00:00","article_modified_time":"2022-09-05T11:09:43+00:00","author":"Klemen Omahen","twitter_card":"summary_large_image","twitter_misc":{"Written by":"Klemen Omahen","Est. reading time":"1 minuta"},"schema":{"@context":"https:\/\/schema.org","@graph":[{"@type":"Article","@id":"https:\/\/orglekoper.si\/index.php\/2022\/09\/05\/poletni-koncerti\/#article","isPartOf":{"@id":"https:\/\/orglekoper.si\/index.php\/2022\/09\/05\/poletni-koncerti\/"},"author":{"name":"Klemen Omahen","@id":"https:\/\/orglekoper.si\/#\/schema\/person\/b773a21c24c8d81fa461c41df2e92d1a"},"headline":"Poletni koncerti","datePublished":"2022-09-05T11:08:52+00:00","dateModified":"2022-09-05T11:09:43+00:00","mainEntityOfPage":{"@id":"https:\/\/orglekoper.si\/index.php\/2022\/09\/05\/poletni-koncerti\/"},"wordCount":148,"commentCount":0,"publisher":{"@id":"https:\/\/orglekoper.si\/#organization"},"articleSection":["Uncategorized"],"inLanguage":"sl-SI","potentialAction":[{"@type":"CommentAction","name":"Comment","target":["https:\/\/orglekoper.si\/index.php\/2022\/09\/05\/poletni-koncerti\/#respond"]}]},{"@type":"WebPage","@id":"https:\/\/orglekoper.si\/index.php\/2022\/09\/05\/poletni-koncerti\/","url":"https:\/\/orglekoper.si\/index.php\/2022\/09\/05\/poletni-koncerti\/","name":"Poletni koncerti - Orgle koprske stolnice","isPartOf":{"@id":"https:\/\/orglekoper.si\/#website"},"datePublished":"2022-09-05T11:08:52+00:00","dateModified":"2022-09-05T11:09:43+00:00","breadcrumb":{"@id":"https:\/\/orglekoper.si\/index.php\/2022\/09\/05\/poletni-koncerti\/#breadcrumb"},"inLanguage":"sl-SI","potentialAction":[{"@type":"ReadAction","target":["https:\/\/orglekoper.si\/index.php\/2022\/09\/05\/poletni-koncerti\/"]}]},{"@type":"BreadcrumbList","@id":"https:\/\/orglekoper.si\/index.php\/2022\/09\/05\/poletni-koncerti\/#breadcrumb","itemListElement":[{"@type":"ListItem","position":1,"name":"Home","item":"https:\/\/orglekoper.si\/"},{"@type":"ListItem","position":2,"name":"Poletni koncerti"}]},{"@type":"WebSite","@id":"https:\/\/orglekoper.si\/#website","url":"https:\/\/orglekoper.si\/","name":"Orgle koprske stolnice","description":"","publisher":{"@id":"https:\/\/orglekoper.si\/#organization"},"potentialAction":[{"@type":"SearchAction","target":{"@type":"EntryPoint","urlTemplate":"https:\/\/orglekoper.si\/?s={search_term_string}"},"query-input":"required name=search_term_string"}],"inLanguage":"sl-SI"},{"@type":"Organization","@id":"https:\/\/orglekoper.si\/#organization","name":"Orgle koper","url":"https:\/\/orglekoper.si\/","sameAs":[],"logo":{"@type":"ImageObject","inLanguage":"sl-SI","@id":"https:\/\/orglekoper.si\/#\/schema\/logo\/image\/","url":"https:\/\/orglekoper.si\/wp-content\/uploads\/2020\/03\/cropped-Screenshot_3-1.png","contentUrl":"https:\/\/orglekoper.si\/wp-content\/uploads\/2020\/03\/cropped-Screenshot_3-1.png","width":377,"height":286,"caption":"Orgle koper"},"image":{"@id":"https:\/\/orglekoper.si\/#\/schema\/logo\/image\/"}},{"@type":"Person","@id":"https:\/\/orglekoper.si\/#\/schema\/person\/b773a21c24c8d81fa461c41df2e92d1a","name":"Klemen Omahen","image":{"@type":"ImageObject","inLanguage":"sl-SI","@id":"https:\/\/orglekoper.si\/#\/schema\/person\/image\/","url":"https:\/\/secure.gravatar.com\/avatar\/7e19ada76b02becc855c1030fec8faaa?s=96&d=mm&r=g","contentUrl":"https:\/\/secure.gravatar.com\/avatar\/7e19ada76b02becc855c1030fec8faaa?s=96&d=mm&r=g","caption":"Klemen Omahen"},"url":"https:\/\/orglekoper.si\/index.php\/author\/klemenom\/"}]}},"amp_enabled":true,"_links":{"self":[{"href":"https:\/\/orglekoper.si\/index.php\/wp-json\/wp\/v2\/posts\/918"}],"collection":[{"href":"https:\/\/orglekoper.si\/index.php\/wp-json\/wp\/v2\/posts"}],"about":[{"href":"https:\/\/orglekoper.si\/index.php\/wp-json\/wp\/v2\/types\/post"}],"author":[{"embeddable":true,"href":"https:\/\/orglekoper.si\/index.php\/wp-json\/wp\/v2\/users\/2"}],"replies":[{"embeddable":true,"href":"https:\/\/orglekoper.si\/index.php\/wp-json\/wp\/v2\/comments?post=918"}],"version-history":[{"count":2,"href":"https:\/\/orglekoper.si\/index.php\/wp-json\/wp\/v2\/posts\/918\/revisions"}],"predecessor-version":[{"id":920,"href":"https:\/\/orglekoper.si\/index.php\/wp-json\/wp\/v2\/posts\/918\/revisions\/920"}],"wp:attachment":[{"href":"https:\/\/orglekoper.si\/index.php\/wp-json\/wp\/v2\/media?parent=918"}],"wp:term":[{"taxonomy":"category","embeddable":true,"href":"https:\/\/orglekoper.si\/index.php\/wp-json\/wp\/v2\/categories?post=918"},{"taxonomy":"post_tag","embeddable":true,"href":"https:\/\/orglekoper.si\/index.php\/wp-json\/wp\/v2\/tags?post=918"},{"taxonomy":"table_tags","embeddable":true,"href":"https:\/\/orglekoper.si\/index.php\/wp-json\/wp\/v2\/table_tags?post=918"}],"curies":[{"name":"wp","href":"https:\/\/api.w.org\/{rel}","templated":true}]}}